[{"@context":"https:\/\/schema.org\/","@type":"Article","@id":"https:\/\/www.arina.sk\/ako-zladit-zivnost-a-tpp\/#Article","mainEntityOfPage":"https:\/\/www.arina.sk\/ako-zladit-zivnost-a-tpp\/","headline":"Ako zladi\u0165 \u017eivnos\u0165 a TPP","name":"Ako zladi\u0165 \u017eivnos\u0165 a TPP","description":"Priate\u013e mojej sestry, za mnou ned\u00e1vno pri\u0161iel s\u00a0ot\u00e1zkou, \u010di si m\u00f4\u017ee zalo\u017ei\u0165 \u017eivnos\u0165 popri pr\u00e1ci na trval\u00fd pracovn\u00fd pomer. Ja u\u017e podnik\u00e1m dlh\u0161ie, preto s\u00a0touto","datePublished":"2019-10-14","dateModified":"2019-10-14","author":{"@type":"Person","@id":"https:\/\/www.arina.sk\/author\/#Person","name":"","url":"https:\/\/www.arina.sk\/author\/","identifier":1,"image":{"@type":"ImageObject","@id":"https:\/\/secure.gravatar.com\/avatar\/4a857923b487546550539169ba61d16e7910c692fb61fb4681a6882b9bc918c0?s=96&d=mm&r=g","url":"https:\/\/secure.gravatar.com\/avatar\/4a857923b487546550539169ba61d16e7910c692fb61fb4681a6882b9bc918c0?s=96&d=mm&r=g","height":96,"width":96}},"publisher":{"@type":"Organization","name":"arina.sk","logo":{"@type":"ImageObject","@id":"\/logo.png","url":"\/logo.png","width":600,"height":60}},"image":{"@type":"ImageObject","@id":"https:\/\/www.arina.sk\/wp-content\/uploads\/img_a307767_w16822_t1572268896.jpg","url":"https:\/\/www.arina.sk\/wp-content\/uploads\/img_a307767_w16822_t1572268896.jpg","height":0,"width":0},"url":"https:\/\/www.arina.sk\/ako-zladit-zivnost-a-tpp\/","about":["Podnikanie"],"wordCount":406,"articleBody":"Priate\u013e mojej sestry, za mnou ned\u00e1vno pri\u0161iel s\u00a0ot\u00e1zkou, \u010di si m\u00f4\u017ee zalo\u017ei\u0165 \u017eivnos\u0165 popri pr\u00e1ci na trval\u00fd pracovn\u00fd pomer. Ja u\u017e podnik\u00e1m dlh\u0161ie, preto s\u00a0touto ot\u00e1zkou pri\u0161iel pr\u00e1ve za mnou. \u00daprimne, myslel som si, \u017ee by to nemal by\u0165 probl\u00e9m, no ist\u00fd som si nebol. Za\u0161iel som teda za zn\u00e1mou, ktor\u00e1 rob\u00ed \u00fa\u010dtovn\u00ed\u010dku, no a\u00a0s\u00a0jej verdiktom, sa s\u00a0vami podel\u00edm tro\u0161ku ni\u017e\u0161ie.\u00a0\tNie je to zak\u00e1zan\u00e9\u00a0Zo z\u00e1kona, v\u00e1m ni\u010d nebr\u00e1ni v\u00a0tom, aby ste mali \u017eivnos\u0165 a\u00a0z\u00e1rove\u0148 boli zamestnan\u00fd na trval\u00fd pracovn\u00fd pomer. V\u00a0prvom roku, za v\u00e1s bude odvody, teda zdravotn\u00e9 a\u00a0soci\u00e1lne, odv\u00e1dza\u0165 v\u00e1\u0161 zamestn\u00e1vate\u013e. Men\u0161\u00ed probl\u00e9m v\u0161ak m\u00f4\u017ee nasta\u0165 v\u00a0druhom roku v\u00e1\u0161ho podnikania. V\u0161etko \u010do zarob\u00edte a\u00a0prizn\u00e1te v\u00a0da\u0148ovom priznan\u00ed, sa v\u00e1m pripo\u010d\u00edta k\u00a0tomu, \u010do zarob\u00edte vo svojej pr\u00e1ci na trval\u00fd pracovn\u00fd pomer. To znamen\u00e1, \u017ee budete plati\u0165 vy\u0161\u0161ie soci\u00e1lne odvody. Rozdiel, ktor\u00fd vznikne, si budete musie\u0165 samozrejme zaplati\u0165 sami. V\u00e1\u0161 zamestn\u00e1vate\u013e bude aj na\u010falej dov\u00e1dza\u0165 len z\u00e1kladn\u00fa sumu.\u00a0\tNenahnevajte zamestn\u00e1vate\u013ea\u00a0O\u00a0tomto s\u00edce \u017eiadne z\u00e1kony nehovoria, no realita je realita. Ak by ste nie\u010do podobn\u00e9 pl\u00e1novali, ur\u010dite najprv z\u00e1jdite za svojim zamestn\u00e1vate\u013eom a\u00a0svoje pl\u00e1ny mu ozn\u00e1mte. V\u00a0podstate bude lep\u0161ie, ak sa ho na to, aspo\u0148 na oko, op\u00fdtate. Niektor\u00ed zamestn\u00e1vatelia, by s\u00a0t\u00fdm toti\u017e mohli ma\u0165 probl\u00e9m. Ofici\u00e1lne, by v\u00e1s pre nie\u010do tak\u00e9to vyhodi\u0165 nemohli, ale pozn\u00e1te t\u00fa zn\u00e1mu vetu, \u017ee ke\u010f chce psa bi\u0165, palicu si n\u00e1jde. Spom\u00ednan\u00fd chalan \u2013 priate\u013e mojej sestry, mal presne tento probl\u00e9m. Zamestn\u00e1vate\u013e mu povedal, \u017ee si to nepraje. On si \u017eivnos\u0165 zalo\u017eil aj napriek tomu a\u00a0\u010duduj sa svete, o\u00a0necel\u00fd polrok bol v\u00a0zamestnan\u00ed nadbyto\u010dn\u00fd. Preto je ve\u013emi podstatn\u00e9, aby ste si dopredu zv\u00e1\u017eili v\u0161etky pre a\u00a0proti.\u00a0Nezab\u00fadajte ani na to, \u017ee niektor\u00e9 aktivity nemus\u00edte robi\u0165 len na \u017eivnos\u0165. Existuje dohoda o\u00a0spolupr\u00e1ci, zmluva o\u00a0dielo alebo licen\u010dn\u00e1 zmluva. Niektor\u00e9 z\u00e1robky popri zamestnan\u00ed, m\u00f4\u017eete vies\u0165 aj ako bo\u010dn\u00e9 pr\u00edjmy. Tak\u017ee sa zbyto\u010dne neun\u00e1hlite.                                                                                                                                                                                                                                                                                                                                                                                        4.7\/5 - (4 votes)        "},{"@context":"https:\/\/schema.org\/","@type":"BreadcrumbList","itemListElement":[{"@type":"ListItem","position":1,"name":"Ako zladi\u0165 \u017eivnos\u0165 a TPP","item":"https:\/\/www.arina.sk\/ako-zladit-zivnost-a-tpp\/#breadcrumbitem"}]}]