[{"@context":"https:\/\/schema.org\/","@type":"Article","@id":"https:\/\/www.arina.sk\/ja-a-moj-priatel\/#Article","mainEntityOfPage":"https:\/\/www.arina.sk\/ja-a-moj-priatel\/","headline":"Ja a moj priatel","name":"Ja a moj priatel","description":"Po 10 rokoch trvania vz\u0165ahu nastal rozchod. Ja aj priate\u013e sme \u017eili nieko\u013eko mesiacov (cca 4) dva odli\u0161n\u00e9 \u017eivoty. Av\u0161ak potom sme zistili, \u017ee spolu","datePublished":"2023-10-16","dateModified":"2023-10-16","author":{"@type":"Person","@id":"https:\/\/www.arina.sk\/author\/#Person","name":"","url":"https:\/\/www.arina.sk\/author\/","identifier":1,"image":{"@type":"ImageObject","@id":"https:\/\/secure.gravatar.com\/avatar\/4a857923b487546550539169ba61d16e7910c692fb61fb4681a6882b9bc918c0?s=96&d=mm&r=g","url":"https:\/\/secure.gravatar.com\/avatar\/4a857923b487546550539169ba61d16e7910c692fb61fb4681a6882b9bc918c0?s=96&d=mm&r=g","height":96,"width":96}},"publisher":{"@type":"Organization","name":"arina.sk","logo":{"@type":"ImageObject","@id":"\/logo.png","url":"\/logo.png","width":600,"height":60}},"image":{"@type":"ImageObject","@id":"https:\/\/www.arina.sk\/wp-content\/uploads\/milenci_1.jpg","url":"https:\/\/www.arina.sk\/wp-content\/uploads\/milenci_1.jpg","height":0,"width":0},"url":"https:\/\/www.arina.sk\/ja-a-moj-priatel\/","about":["\u017dena"],"wordCount":409,"articleBody":"Po 10 rokoch trvania vz\u0165ahu nastal rozchod. Ja aj priate\u013e sme \u017eili nieko\u013eko mesiacov (cca 4) dva odli\u0161n\u00e9 \u017eivoty. Av\u0161ak potom sme zistili, \u017ee spolu chceme byt tak sme sa dali op\u00e4\u0165 dokopy. Ale teraz, \u010do sme spolu 3 mesiace \u017eili defakto \u00faplne dokonal\u00fd vz\u0165ah. Nieko\u013eko dovoleniek, plno str\u00e1ven\u00fdch chv\u00ed\u013e. Bolo to \u00fa\u017easn\u00e9. Potom sa dozvedel, \u017ee som v tom \u010dase, ke\u010f sme spolu neboli, tak som sa zbl\u00ed\u017eila s jedn\u00fdm jedincom. Av\u0161ak on si tie\u017e na\u0161iel 1, potom 2 kamar\u00e1tky ale to nikomu nevadilo. A moment\u00e1lne teraz, \u010do sa to dozvedel mi povedal, \u017ee se mnou nechce ma\u0165 ni\u010d spolo\u010dn\u00e9, a \u017ee \u013eutuje, \u017ee sme sa dali op\u00e4\u0165 dohromady. Aj ke\u010f sa mu sna\u017e\u00edm vysvetli\u0165, \u017ee to bolo v tom \u010dase, ke\u010f sme spolu nechodili&#8230;.\u00a0Ve\u013ea ma to zasiahlo, preto\u017ee za m\u0148a je to absurdn\u00e9. Neviem, ako m\u00e1m to jeho spr\u00e1vanie pochopi\u0165, preto\u017ee ma to hlboko zasiahlo a vlastne som to od neho ani ne\u010dakala, \u017ee sa takto zachov\u00e1. Hlavne som ani nepochopila to, \u010do mi povedal, \u017ee so mnou nechce ma\u0165 u\u017e ni\u010d spolo\u010dn\u00e9. To pod\u013ea m\u00f4jho n\u00e1zoru bola tot\u00e1lna podpasovka, preto\u017ee toto druh\u00e9mu predsa nepovie \u010dlovek, ktor\u00fd miluje. Je to zlo\u017eit\u00e9 a moje srdce je teraz na mili\u00f3n k\u00faskov a c\u00edtim sa hrozne ve\u013emi zle. Naozaj neviem, ako to m\u00e1m bra\u0165. Zrejme by som sa naozaj mala posun\u00fa\u0165 \u010falej a u\u017e si ho nev\u0161\u00edma\u0165. Len\u017ee st\u00e1le s\u00fa v tom nejak\u00fdm sp\u00f4sobom city a mne je hrozne \u013e\u00fato to, ako sa ku mne zachoval. S\u00e1m k\u00e1\u017ee vodu a pije v\u00edno. Tie\u017e mal kamar\u00e1tky a ja o tom viem, ale ni\u010d som mu nevy\u010d\u00edtala a on mi to vy\u010d\u00edtal a to mi pr\u00edde naozaj ve\u013emi zvl\u00e1\u0161tne a divn\u00e9. Vlastne si hovor\u00edm, \u017ee ten \u010dlovek v\u00f4bec nestoj\u00ed za to, aby som sa tr\u00e1pila. Stra\u0161ne ma pon\u00ed\u017eil a hrozne ma to pon\u00ed\u017eilo celkovo. Myslela som si, \u017ee je to in\u00fd \u010dlovek, ale zrejme som sa dos\u0165 pom\u00fdlila. Asi budem musie\u0165 chv\u00ed\u013eku by\u0165 sama a porozm\u00fd\u0161\u013ea\u0165 nad t\u00fdm v\u0161etk\u00fdm a mo\u017eno sa za nejak\u00fd \u010das n\u00e1jde niekto, kto si ma bude naozaj v\u00e1\u017ei\u0165 a bra\u0165 ma tak\u00fa, ak\u00e1 som.                                                                                                                                                                                                                                                                                                                                                                                        4.5\/5 - (11 votes)        "},{"@context":"https:\/\/schema.org\/","@type":"BreadcrumbList","itemListElement":[{"@type":"ListItem","position":1,"name":"Ja a moj priatel","item":"https:\/\/www.arina.sk\/ja-a-moj-priatel\/#breadcrumbitem"}]}]