[{"@context":"https:\/\/schema.org\/","@type":"Article","@id":"https:\/\/www.arina.sk\/leto-a-krasne-dny\/#Article","mainEntityOfPage":"https:\/\/www.arina.sk\/leto-a-krasne-dny\/","headline":"L\u00e9to a kr\u00e1sne dny","name":"L\u00e9to a kr\u00e1sne dny","description":"U\u017e sa te\u0161\u00edte na to, a\u017e bude leto, prebehnete plastov\u00fdmi dverami lmmont.sk a bud\u00fa pr\u00e1zdniny? Tie\u017e na to \u010dak\u00e1m. To n\u00e1dhern\u00e9 obdobie, kedy n\u00e1dherne svieti","datePublished":"2024-01-20","dateModified":"2024-03-21","author":{"@type":"Person","@id":"https:\/\/www.arina.sk\/author\/#Person","name":"","url":"https:\/\/www.arina.sk\/author\/","identifier":1,"image":{"@type":"ImageObject","@id":"https:\/\/secure.gravatar.com\/avatar\/4a857923b487546550539169ba61d16e7910c692fb61fb4681a6882b9bc918c0?s=96&d=mm&r=g","url":"https:\/\/secure.gravatar.com\/avatar\/4a857923b487546550539169ba61d16e7910c692fb61fb4681a6882b9bc918c0?s=96&d=mm&r=g","height":96,"width":96}},"publisher":{"@type":"Organization","name":"arina.sk","logo":{"@type":"ImageObject","@id":"\/logo.png","url":"\/logo.png","width":600,"height":60}},"image":{"@type":"ImageObject","@id":"https:\/\/www.arina.sk\/wp-content\/uploads\/house-8245930_1280.jpg","url":"https:\/\/www.arina.sk\/wp-content\/uploads\/house-8245930_1280.jpg","height":0,"width":0},"url":"https:\/\/www.arina.sk\/leto-a-krasne-dny\/","about":["\u017deny"],"wordCount":383,"articleBody":"   U\u017e sa te\u0161\u00edte na to, a\u017e bude leto, prebehnete plastov\u00fdmi dverami lmmont.sk a bud\u00fa pr\u00e1zdniny? Tie\u017e na to \u010dak\u00e1m. To n\u00e1dhern\u00e9 obdobie, kedy n\u00e1dherne svieti slnie\u010dko a \u010dlovek si u\u017e\u00edva ka\u017ed\u00fd okamih, ke\u010f je vonku. A ja toto obdobie zbo\u017e\u0148ujem a najrad\u0161ej by som \u017eila iba v teple, tak sn\u00e1\u010f sa mi to raz spln\u00ed. Niektor\u00ed \u013eudia tie\u017e v lete radi cestuj\u00fa na dovolenku, \u010di u\u017e do zahrani\u010dia, alebo len po \u010ceskej republike. Kam som sa za svoj \u017eivot ja sama pozrela? 1. Chorv\u00e1tskoV Chorv\u00e1tsku som bola so svojou tetou, sesternicami a str\u00fdkom. Bolo to \u00faplne \u00fa\u017easn\u00e9, boli sme ubytovanie na Zadare a t\u00e1 atmosf\u00e9ra, to more, to jednoducho nikdy nezabudnem. 2. BulharskoBulharsko tie\u017e nikdy nezabudnem. Bola som tam dvakr\u00e1t so svoj\u00edm dedom a babi\u010dkou.. zhodou okolnost\u00ed tam mal aj p\u00e1r svojich kamar\u00e1tov, ktor\u00fdch poznal, on sa toti\u017e v Bulharsku narodil. A aj tu boli \u013eudia \u00faplne in\u00ed, ne\u017e v \u010ceskej republike, to mi m\u00f4\u017eete veri\u0165. 3. NemeckoNemecko som nav\u0161t\u00edvila kedysi so z\u00e1kladnou \u0161kolou, a teraz tu dokonca aj \u017eijem s priate\u013eom a som fakt spokojn\u00e1 a rada, \u017ee ho m\u00e1m. Postupne som si Nemecko ob\u013e\u00fabila. 4. Viede\u0148Viede\u0148 sme nav\u0161t\u00edvili s mojou mamkou a sestrou a bola to fakt sranda, preto\u017ee sme sa tu stratili. Nevedeli sme cestu nikam, tak\u017ee som pr\u00e1ve ja musela hovori\u0165 anglicky. No a potom sa zo ZOO r\u00fdchlo pon\u00e1h\u013eali na n\u00e1\u0161 vlak, ktor\u00fd mal \u00eds\u0165 za pol hodiny, aby sme to stihli. Ale tu e\u0161te len prich\u00e1dza ten najv\u00e4\u010d\u0161\u00ed vtip &#8211; ten vlak, na ktor\u00fd sme sa r\u00fdchlo v strese pon\u00e1h\u013eali, mal nakoniec oneskorenie p\u00e4\u0165 hod\u00edn, tak\u017ee sme na tom vlakovej stanici sedeli v\u0161etky ako knedle a odpo\u010d\u00edtavali min\u00faty. Bolo to hrozn\u00e9 pre mamku, ja som sa tomu sk\u00f4r musela smia\u0165, pre m\u0148a to bola z\u00e1bava. Vtedy mi bolo asi tak \u0161trn\u00e1s\u0165 rokov a doteraz tento z\u00e1\u017eitok m\u00e1m v hlave a asi ho u\u017e z hlavy nikdy nevyma\u017eem, bolo to fakt smie\u0161ne a zauj\u00edmav\u00e9, to oneskorenie na\u0161tvalo hlavne mamku.                                                                                                                                                                                                                                                                                                                                                                                          4.4\/5 - (5 votes)        "},{"@context":"https:\/\/schema.org\/","@type":"BreadcrumbList","itemListElement":[{"@type":"ListItem","position":1,"name":"L\u00e9to a kr\u00e1sne dny","item":"https:\/\/www.arina.sk\/leto-a-krasne-dny\/#breadcrumbitem"}]}]