[{"@context":"https:\/\/schema.org\/","@type":"Article","@id":"https:\/\/www.arina.sk\/nechce-riesit-problemy\/#Article","mainEntityOfPage":"https:\/\/www.arina.sk\/nechce-riesit-problemy\/","headline":"Nechce rie\u0161i\u0165 probl\u00e9my","name":"Nechce rie\u0161i\u0165 probl\u00e9my","description":"M\u00f4j partner so mnou nechce rie\u0161i\u0165 na\u0161e spolo\u010dn\u00e9 probl\u00e9my. Ka\u017ed\u00fd len hod\u00ed za hlavu a ja sa s nimi \u010falej tr\u00e1pi. On si \u017eije svoj","datePublished":"2023-04-22","dateModified":"2024-02-22","author":{"@type":"Person","@id":"https:\/\/www.arina.sk\/author\/#Person","name":"","url":"https:\/\/www.arina.sk\/author\/","identifier":1,"image":{"@type":"ImageObject","@id":"https:\/\/secure.gravatar.com\/avatar\/4a857923b487546550539169ba61d16e7910c692fb61fb4681a6882b9bc918c0?s=96&d=mm&r=g","url":"https:\/\/secure.gravatar.com\/avatar\/4a857923b487546550539169ba61d16e7910c692fb61fb4681a6882b9bc918c0?s=96&d=mm&r=g","height":96,"width":96}},"publisher":{"@type":"Organization","name":"arina.sk","logo":{"@type":"ImageObject","@id":"\/logo.png","url":"\/logo.png","width":600,"height":60}},"image":{"@type":"ImageObject","@id":"https:\/\/www.arina.sk\/wp-content\/uploads\/heart-159636_1280_3.png","url":"https:\/\/www.arina.sk\/wp-content\/uploads\/heart-159636_1280_3.png","height":0,"width":0},"url":"https:\/\/www.arina.sk\/nechce-riesit-problemy\/","about":["Spolo\u010dnos\u0165"],"wordCount":415,"articleBody":"M\u00f4j partner so mnou nechce rie\u0161i\u0165 na\u0161e spolo\u010dn\u00e9 probl\u00e9my. Ka\u017ed\u00fd len hod\u00ed za hlavu a ja sa s nimi \u010falej tr\u00e1pi. On si \u017eije svoj perfektn\u00fd \u017eivot, so v\u0161etk\u00fdm je spokojn\u00fd, ale ja sa tr\u00e1pim. Ke\u010f som sa za\u010dala oz\u00fdva\u0165, \u017ee mi niektor\u00e9 veci \u010do rob\u00ed vad\u00ed, tak mi po nejakej dobe povedal \u017ee mu vad\u00ed zo mu furt nie\u010do vy\u010d\u00edtam. Len\u017ee on pre m\u0148a nie je \u017eiadnou psychickou podporou, namiesto toho mi hovor\u00ed nech idem meditova\u0165, ani na Vianoce a v\u00fdro\u010die mi ni\u010d nedal. Ale nie je to len \u010diernobiele, je to skvel\u00fd partner len to m\u00e1 dos\u0165 nedostatkov, ktor\u00e9 on jednoducho rie\u0161i\u0165 nechce, preto\u017ee by to kazili jeho neust\u00e1lu rados\u0165 zo \u017eivota. Ob\u010dasn\u00e1 psychick\u00e1 podpora by sa mi ve\u013emi hodila.Je to jeho prv\u00fd vz\u0165ah a tak ch\u00e1pem, \u017ee nevie \u00faplne ako sa spr\u00e1va\u0165. Ale niektor\u00e9 veci ma fakt ve\u013emi bolia. Neviem, ako zlep\u0161i\u0165 komunik\u00e1ciu, ke\u010f on nechce. On je spokojn\u00fd ke\u010f ni\u010d nerie\u0161i, ale ja k\u00fdm sa veci nedorie\u0161i sa hrozne tr\u00e1pim&#8230; Roz\u00eds\u0165 sa s n\u00edm nechcem, stra\u0161ne ve\u013emi ho milujem, nedok\u00e1zala by som bez neho \u017ei\u0165 a on ma tie\u017e miluje, len to jednoducho ve\u013emi nevie&#8230; len\u017ee ten probl\u00e9m tu furt je a to ma des\u00ed. Proste ke\u010f sa dlhodobo nerie\u0161ia probl\u00e9my, tak to k ni\u010domu noc nevedie a ja neviem, ako sa z toho dosta\u0165. Chcela by som, aby sme sa vedeli porozpr\u00e1va\u0165 ako norm\u00e1lnych \u013eud\u00ed a ke\u010f m\u00e1 jeden z n\u00e1s nejak\u00fd probl\u00e9m, tak to vykomunikova\u0165 a prebra\u0165.Len\u017ee s n\u00edm sa to ned\u00e1 a to mi ve\u013emi vad\u00ed, preto\u017ee ja chcem a potrebujem o probl\u00e9moch hovori\u0165, nie je len zameta\u0165 pod koberec a robi\u0165, \u017ee sa ni\u010d nedeje a \u017ee je v\u0161etko v poriadku. Fakt neviem, ako to p\u00f4jde s takou \u010falej..u\u017e som sk\u00fa\u0161ala v\u0161etko. Dokonca som mu povedala, \u017ee takto to \u010falej nejde, \u017ee pokia\u013e sa nezmen\u00ed, \u017ee sa roz\u00eddeme. Ale on to vzal \u00faplne inak a doslova sa mi vysmial do tv\u00e1re a to ma celkom dos\u0165 dostalo a tie\u017e zranilo, preto\u017ee som tak\u00e9 konanie od neho v\u00f4bec ne\u010dakala. Sk\u00f4r som si myslela, \u017ee bude nejak\u00e9 ospravedlnenie a zmen\u00ed sa.                                                                                                                                                                                                                                                                                                                                                                                        4.2\/5 - (16 votes)        "},{"@context":"https:\/\/schema.org\/","@type":"BreadcrumbList","itemListElement":[{"@type":"ListItem","position":1,"name":"Nechce rie\u0161i\u0165 probl\u00e9my","item":"https:\/\/www.arina.sk\/nechce-riesit-problemy\/#breadcrumbitem"}]}]